[{"@context":"https:\/\/schema.org\/","@type":"Article","@id":"https:\/\/www.visuality.cz\/ztraceny-mobil\/#Article","mainEntityOfPage":"https:\/\/www.visuality.cz\/ztraceny-mobil\/","headline":"Ztracen\u00fd mobil","name":"Ztracen\u00fd mobil","description":"Pamatuji si, kdy\u017e jsem jela s kamar\u00e1dem do Brna. M\u011bl to b\u00fdt n\u00e1\u0161 prvn\u00ed velk\u00fd v\u00fdlet. V t\u00e9 dob\u011b mi bylo \u0161estn\u00e1ct let a taky mi to dalo opravdu velkou n\u00e1mahu p\u0159emluvit moje rodi\u010de, aby m\u011b s kamar\u00e1dem pustili vlakem do Brna. Byla to docela od n\u00e1s d\u00e1lka, celkem devades\u00e1t kilometr\u016f. Rodi\u010de jsem p\u0159emlouvala \u010dty\u0159i...","datePublished":"2022-07-05","dateModified":"2023-06-12","author":{"@type":"Person","@id":"https:\/\/www.visuality.cz\/author\/#Person","name":"","url":"https:\/\/www.visuality.cz\/author\/","identifier":1,"image":{"@type":"ImageObject","@id":"https:\/\/secure.gravatar.com\/avatar\/4e6a74466e4227c12d5306875d08720cdfce3572213740db6f4a2e5e46e710ff?s=96&d=mm&r=g","url":"https:\/\/secure.gravatar.com\/avatar\/4e6a74466e4227c12d5306875d08720cdfce3572213740db6f4a2e5e46e710ff?s=96&d=mm&r=g","height":96,"width":96}},"publisher":{"@type":"Organization","name":"visuality.cz","logo":{"@type":"ImageObject","@id":"\/logo.png","url":"\/logo.png","width":600,"height":60}},"image":{"@type":"ImageObject","@id":"https:\/\/www.visuality.cz\/wp-content\/uploads\/technology-2608530_960_720.jpg","url":"https:\/\/www.visuality.cz\/wp-content\/uploads\/technology-2608530_960_720.jpg","height":0,"width":0},"url":"https:\/\/www.visuality.cz\/ztraceny-mobil\/","about":["Mobil"],"wordCount":405,"articleBody":"Pamatuji si, kdy\u017e jsem jela s kamar\u00e1dem do Brna. M\u011bl to b\u00fdt n\u00e1\u0161 prvn\u00ed velk\u00fd v\u00fdlet. V t\u00e9 dob\u011b mi bylo \u0161estn\u00e1ct let a taky mi to dalo opravdu velkou n\u00e1mahu p\u0159emluvit moje rodi\u010de, aby m\u011b s kamar\u00e1dem pustili vlakem do Brna. Byla to docela od n\u00e1s d\u00e1lka, celkem devades\u00e1t kilometr\u016f. Rodi\u010de jsem p\u0159emlouvala \u010dty\u0159i dny, a\u017e nakonec rodi\u010de povolili. Byla jsem opravdu r\u00e1da. Na\u0161t\u011bst\u00ed jsem m\u011bla kvalitn\u00ed mobiln\u00ed telefon, na kter\u00fd mi rodi\u010de mohli ka\u017edou chvilku volat. A jak \u0159ekli, tak taky ud\u011blali. Cesta vlakem do Brna trvala hodinu a\u00a0t\u0159i \u010dtvrt\u011b. A b\u011bhem t\u00e9 doby mi t\u0159i kr\u00e1t rodi\u010de volali. A n\u011bkdy mi to p\u0159i\u0161lo \u00fapln\u011b zbyte\u010dn\u011b a j\u00e1 jsem se p\u0159ed kamar\u00e1dem styd\u011bla, \u017ee mi rodi\u010de st\u00e1le tak velice \u010dasto volaj\u00ed. Potom jsem si \u0159ekla, \u017ee se vypnu na mobiln\u00edm telefonu zvuky. A ud\u011blala jsem tak. A v\u016fbec mi to nevadilo, kdy\u017e mi potom blikal mobiln\u00ed telefon. A dala jsem na n\u011bj noviny a bylo to.Jenom\u017ee tohle byla asi nejv\u011bt\u0161\u00ed chyba, kterou jsem ten den mohla ud\u011blat. Anebo nejv\u011bt\u0161\u00ed chyba v tomto m\u011bs\u00edci. Proto\u017ee kdy\u017e jsme potom s kamar\u00e1dem vystupovali z vlaku, tak jsem samoz\u0159ejm\u011b mobiln\u00ed telefon nechala pod t\u011bmi novinami ve vlaku. Samoz\u0159ejm\u011b, \u017ee jsem tam mobiln\u00ed telefon nechala a v\u016fbec jsem si na n\u011bj nevzpomn\u011bla. Vzpomn\u011bla jsem si na n\u011bj, kdy\u017e u\u017e jsem byla asi dvacet sekund venku. Jenom\u017ee bohu\u017eel kdy\u017e jsem se potom vr\u00e1tila do\u00a0kup\u00e9\u010dka\u00a0ve vlaku, tak tam nebyl ani mobil ani noviny a ani mobil, jak jinak. Mobiln\u00ed telefon jsem m\u011bla pouze t\u0159i m\u011bs\u00edce a byl skoro nov\u00fd. Ani nev\u00edte, jak nad\u00e1vali potom moji rodi\u010de, kdy\u017e jsem jim \u0159ekla, \u017ee mi n\u011bkdo ukradl mobiln\u00ed telefon ve vlaku. Opravdu u\u017e tuhle situaci bych necht\u011bla nikdy za\u017e\u00edt, proto\u017ee to velice deprimuj\u00edc\u00ed a smutn\u00e1 ud\u00e1lost.\u00a0Nenos\u00a0se\u00a0v\u00e1m u\u017e taky n\u011bco podobn\u00e9ho stalo? V\u011b\u0159te mi, \u017ee pokud ne, tak to ani necht\u011bjte\u00a0za\u017e\u00edt. Kdy\u017e m\u00e1te nov\u00fd mobil,\u00a0\u0161tve\u00a0v\u00e1s to\u00a0je\u0161t\u011b\u00a0v\u00edce.\u00a0                                                                                                                                                                                                                                                                                                                                                                                        4.3\/5 - (10 votes)        "},{"@context":"https:\/\/schema.org\/","@type":"BreadcrumbList","itemListElement":[{"@type":"ListItem","position":1,"name":"Ztracen\u00fd mobil","item":"https:\/\/www.visuality.cz\/ztraceny-mobil\/#breadcrumbitem"}]}]