[{"@context":"https:\/\/schema.org\/","@type":"Article","@id":"https:\/\/www.visuality.cz\/vliv-moderni-doby-na-praci\/#Article","mainEntityOfPage":"https:\/\/www.visuality.cz\/vliv-moderni-doby-na-praci\/","headline":"Vliv modern\u00ed doby na pr\u00e1ci","name":"Vliv modern\u00ed doby na pr\u00e1ci","description":"Sou\u010dasn\u00e1, modern\u00ed doba s sebou nese jist\u011b jak negativa, tak i pozitiva, na kter\u00e9 je d\u016fle\u017eit\u00e9 se zam\u011b\u0159it, jeliko\u017e v r\u00e1mci \u017eivota nen\u00ed vhodn\u00e9 p\u0159ikl\u00e1dat negativn\u00edm skutk\u016fm a\u017e tak velk\u00fd v\u00fdznam. Nav\u00edc ty optimisti\u010dt\u011bj\u0161\u00ed str\u00e1nky dan\u00fdch situac\u00ed se pak prom\u00edtnou do na\u0161ich \u017eivot\u016f; a to nejen v r\u00e1mci soukrom\u00ed, ale tak\u00e9 v oblasti pr\u00e1ce. Je...","datePublished":"2020-02-27","dateModified":"2023-06-12","author":{"@type":"Person","@id":"https:\/\/www.visuality.cz\/author\/#Person","name":"","url":"https:\/\/www.visuality.cz\/author\/","identifier":1,"image":{"@type":"ImageObject","@id":"https:\/\/secure.gravatar.com\/avatar\/4e6a74466e4227c12d5306875d08720cdfce3572213740db6f4a2e5e46e710ff?s=96&d=mm&r=g","url":"https:\/\/secure.gravatar.com\/avatar\/4e6a74466e4227c12d5306875d08720cdfce3572213740db6f4a2e5e46e710ff?s=96&d=mm&r=g","height":96,"width":96}},"publisher":{"@type":"Organization","name":"visuality.cz","logo":{"@type":"ImageObject","@id":"\/logo.png","url":"\/logo.png","width":600,"height":60}},"image":{"@type":"ImageObject","@id":"https:\/\/www.visuality.cz\/wp-content\/uploads\/img_a375886_w4407_t1587460774.jpg","url":"https:\/\/www.visuality.cz\/wp-content\/uploads\/img_a375886_w4407_t1587460774.jpg","height":0,"width":0},"url":"https:\/\/www.visuality.cz\/vliv-moderni-doby-na-praci\/","about":["Business"],"wordCount":451,"articleBody":"  Sou\u010dasn\u00e1, modern\u00ed doba s sebou nese jist\u011b jak negativa, tak i pozitiva, na kter\u00e9 je d\u016fle\u017eit\u00e9 se zam\u011b\u0159it, jeliko\u017e v r\u00e1mci \u017eivota nen\u00ed vhodn\u00e9 p\u0159ikl\u00e1dat negativn\u00edm skutk\u016fm a\u017e tak velk\u00fd v\u00fdznam. Nav\u00edc ty optimisti\u010dt\u011bj\u0161\u00ed str\u00e1nky dan\u00fdch situac\u00ed se pak prom\u00edtnou do na\u0161ich \u017eivot\u016f; a to nejen v r\u00e1mci soukrom\u00ed, ale tak\u00e9 v oblasti pr\u00e1ce. Je tak tedy nutn\u00e9, abychom si my v\u0161ichni uv\u011bdomili, \u017ee je podstatn\u00e9 za\u010d\u00edt vn\u00edmat to, jak n\u00e1m sou\u010dasn\u00e1 doba pom\u00e1h\u00e1. Velk\u00fdm plusem jsou jist\u011b finance spolu s \u0159e\u0161en\u00edm jejich nedostatku, jeliko\u017e dnes to opravdu nen\u00ed \u017e\u00e1dn\u00fd probl\u00e9m. Dal\u0161\u00edm d\u016fle\u017eit\u00fdm faktem je tak\u00e9 zaji\u0161t\u011bn\u00ed speci\u00e1ln\u00ed pot\u0159eb pro d\u011bti, kter\u00e9 to pot\u0159ebuj\u00ed, co\u017e ve fin\u00e1le znamen\u00e1, \u017ee ka\u017ed\u00fd m\u00e1 \u0161anci na to, aby d\u011blal to, co ho bav\u00ed. A v nepodlesn\u00ed \u0159ad\u011b p\u0159in\u00e1\u0161\u00ed sou\u010dasn\u00e1 doba mnohdy takov\u00e9 pracovn\u00ed nab\u00eddky, o kter\u00fdch bychom si kdysi d\u00e1vno mohli nechat jen zd\u00e1t. Zejm\u00e9na v r\u00e1mci logistiky, tedy p\u0159epravy, doch\u00e1z\u00ed a\u017e skoro k revolu\u010dn\u00edm zm\u011bn\u00e1m. Velmi zaj\u00edmavou nab\u00eddku najdete na , kde jist\u011b zjist\u00edte, \u017ee pr\u00e1v\u011b tohle je pro v\u00e1s t\u00edm prav\u00fdm o\u0159echov\u00fdm. Za pomoci t\u00e9to spole\u010dnosti tak m\u00e1te mo\u017enost akceptace okam\u017eit\u00e9 nab\u00eddky, kter\u00e1 je p\u0159im\u011b\u0159ena va\u0161im pot\u0159eb\u00e1m. Je tak tedy skv\u011bl\u00e9 vid\u011bt, \u017ee se lid\u00e9 st\u00e1le sna\u017e\u00ed o to, aby si navz\u00e1jem uleh\u010dovali \u017eivot, ale mnohem lep\u0161\u00ed je skute\u010dnost, \u017ee se tak\u00e9 sna\u017e\u00ed si navz\u00e1jem pomoci. P\u0159eci jen jeden v\u011bt\u0161inou nic neovlivn\u00ed, a tak je d\u016fle\u017eit\u00e9 si uv\u011bdomit, \u017ee by m\u011bl ka\u017ed\u00fd n\u011bkam pat\u0159it. Stejn\u011b tak jako d\u00edt\u011b pat\u0159\u00ed do rodiny, tak tato spole\u010dnost pat\u0159\u00ed do va\u0161ich adres\u00e1\u0159\u016f, jeliko\u017e se na ni m\u016f\u017eete v\u017edy spolehnout. Kone\u010dn\u011b bychom si tak tedy m\u011bli uv\u011bdomit, \u017ee v r\u00e1mci dne\u0161n\u00ed doby nen\u00ed a\u017e tak pot\u0159ebn\u00e1 individualita, jeliko\u017e mnohem d\u016fle\u017eit\u011bj\u0161\u00ed je snaha vytvo\u0159it n\u011bjak\u00e9 celek, kde se ka\u017ed\u00fd z n\u00e1s bude c\u00edtit dob\u0159e. Je tak tedy ve sv\u00e9 podstat\u011b jedno, s k\u00fdm se budete v\u00eddat, jeliko\u017e mnohem d\u016fle\u017eit\u011bj\u0161\u00ed je to, jak se s dan\u00fdmi lidmi budete c\u00edtit. P\u0159eci jen, p\u0159\u00e1tel\u00e9 jsou na\u0161\u00ed druhou rodinou, u kter\u00e9 m\u00e1me \u0161anci si vybrat jej\u00ed \u010dleny.                                                                                                                                                                                                                                                                                                                                                                                         3.9\/5 - (14 votes)        "},{"@context":"https:\/\/schema.org\/","@type":"BreadcrumbList","itemListElement":[{"@type":"ListItem","position":1,"name":"Vliv modern\u00ed doby na pr\u00e1ci","item":"https:\/\/www.visuality.cz\/vliv-moderni-doby-na-praci\/#breadcrumbitem"}]}]