[{"@context":"https:\/\/schema.org\/","@type":"Article","@id":"https:\/\/www.visuality.cz\/proc-navstivit-pujcovny-spolecenskych-satu\/#Article","mainEntityOfPage":"https:\/\/www.visuality.cz\/proc-navstivit-pujcovny-spolecenskych-satu\/","headline":"Pro\u010d nav\u0161t\u00edvit p\u016fj\u010dovny spole\u010densk\u00fdch \u0161at\u016f","name":"Pro\u010d nav\u0161t\u00edvit p\u016fj\u010dovny spole\u010densk\u00fdch \u0161at\u016f","description":"Na v\u00fdznamn\u00e9 spole\u010densk\u00e9 ud\u00e1losti \u010di ud\u00e1losti d\u016fle\u017eit\u00e9 pro n\u00e1s \u017eivot, je t\u0159eba se dob\u0159e p\u0159ipravit. A\u0165 u\u017e organiza\u010dn\u011b, tak tak\u00e9 doladit p\u0159\u00edpravu, v\u00fdzdobu a v\u0161e okolo, co k tomu pat\u0159\u00ed. K velk\u00fdm a d\u016fle\u017eit\u00fdm ud\u00e1lostem v lidsk\u00e9m \u017eivot\u011b pat\u0159\u00ed r\u016fzn\u00e9 p\u0159echodov\u00e9 ritu\u00e1ly, z\u00e1snuby, svatba, v\u00fdro\u010d\u00ed, narozeniny, kulat\u00e9 v\u00fdro\u010d\u00ed. Pr\u00e1v\u011b o svatb\u011b p\u0159em\u00fd\u0161l\u00ed u\u017e i mal\u00e9...","datePublished":"2022-06-14","dateModified":"2022-06-14","author":{"@type":"Person","@id":"https:\/\/www.visuality.cz\/author\/#Person","name":"","url":"https:\/\/www.visuality.cz\/author\/","identifier":1,"image":{"@type":"ImageObject","@id":"https:\/\/secure.gravatar.com\/avatar\/4e6a74466e4227c12d5306875d08720cdfce3572213740db6f4a2e5e46e710ff?s=96&d=mm&r=g","url":"https:\/\/secure.gravatar.com\/avatar\/4e6a74466e4227c12d5306875d08720cdfce3572213740db6f4a2e5e46e710ff?s=96&d=mm&r=g","height":96,"width":96}},"publisher":{"@type":"Organization","name":"visuality.cz","logo":{"@type":"ImageObject","@id":"\/logo.png","url":"\/logo.png","width":600,"height":60}},"image":{"@type":"ImageObject","@id":"https:\/\/www.visuality.cz\/wp-content\/uploads\/bride-gefa286e92_640_9.jpg","url":"https:\/\/www.visuality.cz\/wp-content\/uploads\/bride-gefa286e92_640_9.jpg","height":0,"width":0},"url":"https:\/\/www.visuality.cz\/proc-navstivit-pujcovny-spolecenskych-satu\/","about":["Business"],"wordCount":449,"articleBody":"   Na v\u00fdznamn\u00e9 spole\u010densk\u00e9 ud\u00e1losti \u010di ud\u00e1losti d\u016fle\u017eit\u00e9 pro n\u00e1s \u017eivot, je t\u0159eba se dob\u0159e p\u0159ipravit. A\u0165 u\u017e organiza\u010dn\u011b, tak tak\u00e9 doladit p\u0159\u00edpravu, v\u00fdzdobu a v\u0161e okolo, co k tomu pat\u0159\u00ed. K velk\u00fdm a d\u016fle\u017eit\u00fdm ud\u00e1lostem v lidsk\u00e9m \u017eivot\u011b pat\u0159\u00ed r\u016fzn\u00e9 p\u0159echodov\u00e9 ritu\u00e1ly, z\u00e1snuby, svatba, v\u00fdro\u010d\u00ed, narozeniny, kulat\u00e9 v\u00fdro\u010d\u00ed.Pr\u00e1v\u011b o svatb\u011b p\u0159em\u00fd\u0161l\u00ed u\u017e i mal\u00e9 d\u00edvky a pl\u00e1nuj\u00ed si, jak by m\u011bl jejich den vypadat. A hlavn\u011b i jak\u00e9 budou m\u00edt \u0161aty. Pr\u00e1v\u011b ty kr\u00e1sn\u00e9, b\u00edl\u00e9 \u010di barevn\u00e9, ale ty jedine\u010dn\u00e9 \u0161aty tou\u017e\u00ed m\u00edt skoro ka\u017ed\u00e1 d\u00edvka i \u017eena. Tak\u017ee pokud pl\u00e1nujete sv\u016fj svatebn\u00ed den, pak si kone\u010dn\u011b m\u016f\u017eete vybrat sv\u00e9 vysn\u011bn\u00e9 \u0161aty. Dne\u0161n\u00ed nab\u00eddka je opravdu \u0161irok\u00e1 a tak si m\u016f\u017eete vyb\u00edrat takov\u00e9 \u0161aty, kter\u00e9 v\u00e1m budou opravdu padnout a kter\u00e9 budou spl\u0148ovat va\u0161e po\u017eadavky.Je dobr\u00e9 \u0161aty vyb\u00edrat v p\u0159edstihu aby byly voln\u00e9 a dostupn\u00e9. Je dobr\u00e9 nav\u0161t\u00edvit p\u016fj\u010dovnu spole\u010densk\u00fdch \u0161at\u016f Praha a tam si vyzkou\u0161et r\u016fzn\u00e9 st\u0159ihy, materi\u00e1ly a klidn\u011b i barvy r\u016fzn\u00fdch \u0161at\u016f. T\u00edm z\u00edsk\u00e1te p\u0159ehled o tom, kter\u00e9 st\u0159ihy v\u00e1m slu\u0161\u00ed a d\u011blaj\u00ed p\u011bknou postavu. Zjist\u00edte, kter\u00fd materi\u00e1l v\u00e1m je p\u0159\u00edjemn\u00fd a taky si materi\u00e1l m\u016f\u017eete vybrat i vzhledem k tomu, kdy svatba \u010di spole\u010densk\u00e1 ud\u00e1lost bude po\u0159\u00e1d\u00e1na. \u0160aty m\u016f\u017eete vyb\u00edrat vzhledem k ro\u010dn\u00edmu obdob\u00ed, ale nen\u00ed to podm\u00ednkou. Do chladn\u00e9ho po\u010das\u00ed si m\u016f\u017eete doobl\u00e9knout tepl\u00e9 bolerko a t\u00edm \u0161aty doladit na zimn\u00ed obdob\u00ed.Ka\u017ed\u00fd \u010dlov\u011bk m\u00e1 trochu jinou postavu, odli\u0161nou barvu pleti, vlas\u016f i o\u010d\u00ed. Proto je t\u0159eba, abyste si \u0161aty v p\u016fj\u010dovn\u011b vyzkou\u0161ely a t\u00edm zjistila, kter\u00e9 \u0161aty v\u00e1m budou lichotit a ve kter\u00fdch se budete c\u00edtit p\u0159\u00edjemn\u011b a u\u017eijete si tak cel\u00fd den. \u0160aty v\u00e1m v p\u016fj\u010dovn\u011b mohou upravit na va\u0161i postavu a t\u00edm v\u00e1m dokonale padnou, nebudete si po nich \u0161lapat a nikde v\u00e1m nic nebude sj\u00ed\u017ed\u011bt. D\u00edky padnouc\u00edm \u0161at\u016fm bude v\u00e1\u0161 v\u00fdznamn\u00fd den mnohem kr\u00e1sn\u011bj\u0161\u00ed a v\u00edce si ho u\u017eijete. Proto je t\u0159eba p\u0159i v\u00fdb\u011bru pe\u010dliv\u011b vyb\u00edrat ty nejlep\u0161\u00ed \u0161aty se kter\u00fdmi budete spokojen\u00e1.                                                                                                                                                                                                                                                                                                                                                                                          3.9\/5 - (9 votes)        "},{"@context":"https:\/\/schema.org\/","@type":"BreadcrumbList","itemListElement":[{"@type":"ListItem","position":1,"name":"Pro\u010d nav\u0161t\u00edvit p\u016fj\u010dovny spole\u010densk\u00fdch \u0161at\u016f","item":"https:\/\/www.visuality.cz\/proc-navstivit-pujcovny-spolecenskych-satu\/#breadcrumbitem"}]}]