[{"@context":"https:\/\/schema.org\/","@type":"Article","@id":"https:\/\/www.visuality.cz\/mobilni-telefon-pro-prvnacka\/#Article","mainEntityOfPage":"https:\/\/www.visuality.cz\/mobilni-telefon-pro-prvnacka\/","headline":"Mobiln\u00ed telefon pro prv\u0148\u00e1\u010dka","name":"Mobiln\u00ed telefon pro prv\u0148\u00e1\u010dka","description":"Jako mlad\u00e1 maminka, jsem p\u0159i\u0161la jako slep\u00e1 k housl\u00edm k po\u017eadavku syna. Syn chod\u00ed do prvn\u00ed t\u0159\u00eddy. Odpoledne chod\u00ed do dru\u017einy a nyn\u00ed m\u011b i man\u017eela po\u017e\u00e1dal, \u017ee by r\u00e1d vlastnil mobiln\u00ed telefon. P\u0159i\u0161el odpoledne smutn\u00fd, v\u00ed\u0161 maminko m\u011b se u\u017e ve dru\u017ein\u011b st\u00fdskalo, j\u00e1 u\u017e cht\u011bl dom\u016f. Pan\u00ed u\u010ditelka mi \u0159\u00edkala, \u017ee m\u00e1m vydr\u017eet....","datePublished":"2021-11-09","dateModified":"2023-06-12","author":{"@type":"Person","@id":"https:\/\/www.visuality.cz\/author\/#Person","name":"","url":"https:\/\/www.visuality.cz\/author\/","identifier":1,"image":{"@type":"ImageObject","@id":"https:\/\/secure.gravatar.com\/avatar\/4e6a74466e4227c12d5306875d08720cdfce3572213740db6f4a2e5e46e710ff?s=96&d=mm&r=g","url":"https:\/\/secure.gravatar.com\/avatar\/4e6a74466e4227c12d5306875d08720cdfce3572213740db6f4a2e5e46e710ff?s=96&d=mm&r=g","height":96,"width":96}},"publisher":{"@type":"Organization","name":"visuality.cz","logo":{"@type":"ImageObject","@id":"\/logo.png","url":"\/logo.png","width":600,"height":60}},"image":{"@type":"ImageObject","@id":"https:\/\/www.visuality.cz\/wp-content\/uploads\/U%C5%BE%C3%ADv%C3%A1n%C3%AD%20mobiln%C3%ADho%20telefonu_9.png","url":"https:\/\/www.visuality.cz\/wp-content\/uploads\/U%C5%BE%C3%ADv%C3%A1n%C3%AD%20mobiln%C3%ADho%20telefonu_9.png","height":0,"width":0},"url":"https:\/\/www.visuality.cz\/mobilni-telefon-pro-prvnacka\/","about":["Mobil"],"wordCount":493,"articleBody":"Jako mlad\u00e1 maminka, jsem p\u0159i\u0161la jako slep\u00e1 k housl\u00edm k po\u017eadavku syna. Syn chod\u00ed do prvn\u00ed t\u0159\u00eddy. Odpoledne chod\u00ed do dru\u017einy a nyn\u00ed m\u011b i man\u017eela po\u017e\u00e1dal, \u017ee by r\u00e1d vlastnil mobiln\u00ed telefon. P\u0159i\u0161el odpoledne smutn\u00fd, v\u00ed\u0161 maminko m\u011b se u\u017e ve dru\u017ein\u011b st\u00fdskalo, j\u00e1 u\u017e cht\u011bl dom\u016f. Pan\u00ed u\u010ditelka mi \u0159\u00edkala, \u017ee m\u00e1m vydr\u017eet. To byl n\u00e1\u0161 prvn\u00ed impuls za\u010d\u00edt p\u0159em\u00fd\u0161let. Zda u\u017e telefon nepo\u0159\u00eddit. U\u017e od p\u0159ed\u0161koln\u00edch let, je zvykl\u00fd, \u017ee mu sv\u016fj chytr\u00fd telefon p\u016fj\u010duji. V\u017edy \u00a0na p\u00e1r minut. U l\u00e9ka\u0159e, \u00a0v \u010dek\u00e1rn\u011b na autobus, kdy\u017e byl nemocn\u00fd a m\u011bl le\u017eet v post\u00fdlce a nebo kdy\u017e jsem p\u0159i\u0161la z pr\u00e1ce a u\u017e si pot\u0159ebovala na p\u00e1r minut odpo\u010dinout od her a pov\u00edd\u00e1n\u00ed. \u0158\u00edk\u00e1te si co d\u011bl\u00e1 tak mal\u00fd kluk na mobiln\u00edm telefonu. Kouk\u00e1 se na poh\u00e1dky, zavol\u00e1 babi\u010dce nebo d\u011bde\u010dkovi p\u0159es messenger. \u00a0M\u00e1 nainstalovanou aplikaci s logopedi\u00ed, online puzzle, audio poh\u00e1dky p\u0159ed span\u00edm.\u00a0S t\u00edmto p\u0159ich\u00e1z\u00ed ot\u00e1zka kolik \u010dasu by m\u011bl mal\u00fd \u0161kol\u00e1k mo\u017en\u00e1 i p\u0159ed\u0161kol\u00e1k tr\u00e1vit na mobiln\u00edm telefonu. My jsme nastavili re\u017eim. P\u0159es \u00a0podzim, zimu skoro ka\u017ed\u00fd den \u00a020 minut a p\u0159es jaro a l\u00e9to podstatn\u011b m\u00e9n\u011b. T\u0159eba i jednou do t\u00fddne. Kdy\u017e se p\u0159ijde z koupali\u0161t\u011b, t\u011bl\u00ed\u010dko si \u00a0r\u00e1do odpo\u010dine u ledov\u00e9 limon\u00e1dy v pel\u00ed\u0161ku u mobilu. U poh\u00e1dky od pana \u010capka, syn miluje poh\u00e1dku O pejskovi a ko\u010di\u010dce.\u0160kolaPoj\u010fme, ale zp\u00e1tky k po\u017eadavku syna. Telefon do prvn\u00ed t\u0159\u00eddy? Ano nebo ne. Za m\u011b i man\u017eela, ano!\u00a0Ale mus\u00ed se nastavit pevn\u00e9 hranice. U\u010d\u00edme syna telefon vyu\u017e\u00edt a\u017e v situaci kdy ho opravdu pot\u0159ebuje. Nau\u010d\u00ed se zodpov\u011bdnosti, \u017ee telefon se nesm\u00ed ztratit, \u017ee se mus\u00ed pravideln\u011b nab\u00edjet.\u00a0Zat\u00edm telefon nem\u00e1 \u017e\u00e1dn\u00e9 funkce jako aplikace, hry a mobiln\u00ed \u010d\u00edsla kamar\u00e1d\u016f. To v\u0161echno p\u0159ijde. Ano za \u010das. Za\u010d\u00edn\u00e1me postupn\u011b. Jen a\u0165 si p\u0159ijde na to, \u017ee telefon m\u00e1 ve \u0161koln\u00ed ta\u0161ce sv\u00e9 m\u00edsto. \u017de, kdy\u017e ho bude pou\u017e\u00edvat ve vyu\u010dov\u00e1n\u00ed, nebo si nevypne zvon\u011bn\u00ed p\u0159ijde pozn\u00e1mka.\u00a0Dali jsme mu velkou d\u016fv\u011bru. Je u\u017e p\u0159ece \u0161kol\u00e1k.Kontrola aktivitDne\u0161n\u00ed chytr\u00e9 telefony, maj\u00ed v sob\u011b zabudovan\u00e9 GPS sledov\u00e1n\u00ed, v\u00edme tedy kde n\u00e1\u0161 \u0161kol\u00e1\u010dek je. D\u00edky rodi\u010dovsk\u00e9mu z\u00e1mku, v\u00edme kter\u00e9 aplikace vyu\u017e\u00edv\u00e1. Kolik \u010dasu str\u00e1v\u00ed na sv\u00e9m chytr\u00e9m telefonu.\u00a0A co vy d\u00e1te va\u0161emu \u0161kol\u00e1\u010dkovy tak\u00e9 d\u016fv\u011bru?                                                                                                                                                                                                                                                                                                                                                                                        4.8\/5 - (9 votes)        "},{"@context":"https:\/\/schema.org\/","@type":"BreadcrumbList","itemListElement":[{"@type":"ListItem","position":1,"name":"Mobiln\u00ed telefon pro prv\u0148\u00e1\u010dka","item":"https:\/\/www.visuality.cz\/mobilni-telefon-pro-prvnacka\/#breadcrumbitem"}]}]