[{"@context":"https:\/\/schema.org\/","@type":"Article","@id":"https:\/\/www.visuality.cz\/mate-sedave-zamestnani\/#Article","mainEntityOfPage":"https:\/\/www.visuality.cz\/mate-sedave-zamestnani\/","headline":"M\u00e1te sedav\u00e9 zam\u011bstn\u00e1n\u00ed?","name":"M\u00e1te sedav\u00e9 zam\u011bstn\u00e1n\u00ed?","description":"Mil\u00e9 d\u00e1my a p\u00e1nov\u00e9, v\u0161ichni mana\u017ee\u0159i, sekret\u00e1\u0159ky, \u00fa\u010detn\u00ed, administrativn\u00ed pracovn\u00edci, \u00fa\u0159edn\u00edci a v\u016fbec ka\u017ed\u00fd, kdo m\u00e1te sedav\u00e9 zam\u011bstn\u00e1n\u00ed, zamyslete se na chvilku, jak \u010dasto poci\u0165ujete bolest zad? A co Va\u0161e kr\u010dn\u00ed a bedern\u00ed p\u00e1te\u0159? Jste tou nejohro\u017een\u011bj\u0161\u00ed skupinou trp\u00edc\u00ed t\u00edmto probl\u00e9mem, ale tak\u00e9 z\u00e1rove\u0148 skupinou, kter\u00e9 m\u016f\u017eeme nejl\u00e9pe pomoci, proto\u017ee n\u00e1\u0161 v\u00fdrobek se pou\u017e\u00edv\u00e1 pr\u00e1v\u011b...","datePublished":"2024-11-29","dateModified":"2024-11-29","author":{"@type":"Person","@id":"https:\/\/www.visuality.cz\/author\/#Person","name":"","url":"https:\/\/www.visuality.cz\/author\/","identifier":1,"image":{"@type":"ImageObject","@id":"https:\/\/secure.gravatar.com\/avatar\/4e6a74466e4227c12d5306875d08720cdfce3572213740db6f4a2e5e46e710ff?s=96&d=mm&r=g","url":"https:\/\/secure.gravatar.com\/avatar\/4e6a74466e4227c12d5306875d08720cdfce3572213740db6f4a2e5e46e710ff?s=96&d=mm&r=g","height":96,"width":96}},"publisher":{"@type":"Organization","name":"visuality.cz","logo":{"@type":"ImageObject","@id":"\/logo.png","url":"\/logo.png","width":600,"height":60}},"url":"https:\/\/www.visuality.cz\/mate-sedave-zamestnani\/","wordCount":219,"articleBody":" Mil\u00e9 d\u00e1my a p\u00e1nov\u00e9, v\u0161ichni mana\u017ee\u0159i, sekret\u00e1\u0159ky, \u00fa\u010detn\u00ed, administrativn\u00ed pracovn\u00edci, \u00fa\u0159edn\u00edci a v\u016fbec ka\u017ed\u00fd, kdo m\u00e1te sedav\u00e9 zam\u011bstn\u00e1n\u00ed, zamyslete se na chvilku, jak \u010dasto poci\u0165ujete bolest zad? A co Va\u0161e kr\u010dn\u00ed a bedern\u00ed p\u00e1te\u0159? Jste tou nejohro\u017een\u011bj\u0161\u00ed skupinou trp\u00edc\u00ed t\u00edmto probl\u00e9mem, ale tak\u00e9 z\u00e1rove\u0148 skupinou, kter\u00e9 m\u016f\u017eeme nejl\u00e9pe pomoci, proto\u017ee n\u00e1\u0161 v\u00fdrobek se pou\u017e\u00edv\u00e1 pr\u00e1v\u011b vsed\u011b. Tento pol\u0161t\u00e1\u0159ek m\u016f\u017eete polo\u017eit na jakoukoliv \u017eidli, na kter\u00e9 tr\u00e1v\u00edte nejv\u00edce \u010dasu a u\u017e se nemus\u00edte o nic v\u00edc starat. Pomoc je na cest\u011b Opravdu se hodn\u011b dob\u0159e zamyslete, proto\u017ee s bolest\u00ed zad nen\u00ed \u017e\u00e1dn\u00e1 legrace. Pokud s t\u00edm nebudete nic d\u011blat, m\u016f\u017ee se st\u00e1t, \u017ee se jednoho kr\u00e1sn\u00e9ho dne nenarovn\u00e1te. Proto nev\u00e1hejte ani minutu a vyzkou\u0161ejte n\u00e1\u0161 produkt, kter\u00fd pouh\u00fdm sezen\u00edm na n\u011bm vy\u0159e\u0161\u00ed V\u00e1\u0161 probl\u00e9m s p\u00e1te\u0159\u00ed. Je to a\u017e neskute\u010dn\u011b jednoduch\u00e9. Jen na n\u011bm ka\u017ed\u00fd den chvilku posed\u011bt. Nic v\u00edc nic m\u00ed\u0148. Nemus\u00edte prov\u00e1d\u011bt \u017e\u00e1dn\u00e9 nam\u00e1hav\u00e9 cviky ani nic podobn\u00e9ho. Jen sed\u011bt.                                                                                                                                                                                                                                                                                                                                                                                        5\/5 - (2 votes)        "},{"@context":"https:\/\/schema.org\/","@type":"BreadcrumbList","itemListElement":[{"@type":"ListItem","position":1,"name":"M\u00e1te sedav\u00e9 zam\u011bstn\u00e1n\u00ed?","item":"https:\/\/www.visuality.cz\/mate-sedave-zamestnani\/#breadcrumbitem"}]}]