[{"@context":"https:\/\/schema.org\/","@type":"Article","@id":"https:\/\/www.visuality.cz\/kolagen-na-pevnou-kuzi\/#Article","mainEntityOfPage":"https:\/\/www.visuality.cz\/kolagen-na-pevnou-kuzi\/","headline":"Kolagen na pevnou k\u016f\u017ei","name":"Kolagen na pevnou k\u016f\u017ei","description":"Je opravdu hodn\u011b potravinov\u00fdch dopl\u0148k\u016f, kter\u00e9 \u010dlov\u011bk m\u016f\u017ee u\u017e\u00edvat. A je tak\u00e9 opravdu hodn\u011b potravinov\u00fdch dopl\u0148k\u016f anebo tak\u00e9 l\u00e9k\u016f, kdy \u010dlov\u011bk u\u017e\u00edv\u00e1 tyto potravinov\u00e9 dopl\u0148ky kv\u016fli tomu, aby byl kr\u00e1sn\u011bj\u0161\u00ed anebo zdrav\u011bj\u0161\u00ed a nebo aby podpo\u0159il sv\u00e9 zdrav\u00ed. Abych se p\u0159iznala, tak\u00e9 j\u00e1 u\u017e\u00edv\u00e1m r\u016fzn\u00e9 potravinov\u00e9 dopl\u0148ky. Potravinov\u00e9 dopl\u0148ky jsem u\u017e\u00edvala hlavn\u011b kv\u016fli tomu, \u017ee...","datePublished":"2023-05-29","dateModified":"2023-07-28","author":{"@type":"Person","@id":"https:\/\/www.visuality.cz\/author\/#Person","name":"","url":"https:\/\/www.visuality.cz\/author\/","identifier":1,"image":{"@type":"ImageObject","@id":"https:\/\/secure.gravatar.com\/avatar\/4e6a74466e4227c12d5306875d08720cdfce3572213740db6f4a2e5e46e710ff?s=96&d=mm&r=g","url":"https:\/\/secure.gravatar.com\/avatar\/4e6a74466e4227c12d5306875d08720cdfce3572213740db6f4a2e5e46e710ff?s=96&d=mm&r=g","height":96,"width":96}},"publisher":{"@type":"Organization","name":"visuality.cz","logo":{"@type":"ImageObject","@id":"\/logo.png","url":"\/logo.png","width":600,"height":60}},"image":{"@type":"ImageObject","@id":"https:\/\/www.visuality.cz\/wp-content\/uploads\/ragged-dress-1736266_1280.jpg","url":"https:\/\/www.visuality.cz\/wp-content\/uploads\/ragged-dress-1736266_1280.jpg","height":0,"width":0},"url":"https:\/\/www.visuality.cz\/kolagen-na-pevnou-kuzi\/","about":["V\u00fdrobky"],"wordCount":426,"articleBody":"   Je opravdu hodn\u011b potravinov\u00fdch dopl\u0148k\u016f, kter\u00e9 \u010dlov\u011bk m\u016f\u017ee u\u017e\u00edvat. A je tak\u00e9 opravdu hodn\u011b potravinov\u00fdch dopl\u0148k\u016f anebo tak\u00e9 l\u00e9k\u016f, kdy \u010dlov\u011bk u\u017e\u00edv\u00e1 tyto potravinov\u00e9 dopl\u0148ky kv\u016fli tomu, aby byl kr\u00e1sn\u011bj\u0161\u00ed anebo zdrav\u011bj\u0161\u00ed a nebo aby podpo\u0159il sv\u00e9 zdrav\u00ed. Abych se p\u0159iznala, tak\u00e9 j\u00e1 u\u017e\u00edv\u00e1m r\u016fzn\u00e9 potravinov\u00e9 dopl\u0148ky. Potravinov\u00e9 dopl\u0148ky jsem u\u017e\u00edvala hlavn\u011b kv\u016fli tomu, \u017ee jsem trp\u011bla velice \u010dasto na ekz\u00e9my. Tak\u017ee si jist\u011b dok\u00e1\u017eete p\u0159edstavit, jak opravdu hodn\u011b m\u011b to tr\u00e1pilo, proto\u017ee nejenom to sv\u011bdilo, ale bylo to tak\u00e9 velice esteticky jinak p\u011bkn\u00e9. A proto\u017ee mi bylo sedmn\u00e1ct let, tak je opravdu pochopiteln\u00e9, \u017ee m\u011b to moc vadilo.Tak\u00e9 se mi kolikr\u00e1t stalo, \u017ee se mi za\u010daly sm\u00e1t d\u011bti, tak\u017ee opravdu to v\u017edy bolelo u srdce. Na\u0161t\u011bst\u00ed jsem tohle v\u0161echno vyl\u00e9\u010dila skv\u011bl\u00fdmi potravinov\u00fdmi dopl\u0148ky. Pozd\u011bji, kdy\u017e u\u017e jsem byla star\u0161\u00ed a ekz\u00e9my ustoupily, tak jsem zase cht\u011bla m\u00edt pevn\u011bj\u0161\u00ed ple\u0165 a kr\u00e1sn\u00e9 vlasy. Proto\u017ee moje vlasy a nehty u\u017e nebyly nejlep\u0161\u00ed, proto jsem za\u010dala u\u017e\u00edvat kvalitn\u00ed \u017eiv\u00fd kolagen. Proto\u017ee opravdu hodn\u011b se mi l\u00e1maly vlasy a nev\u011bd\u011bla jsem pro\u010d. A moje kosmeti\u010dka mi doporu\u010dila u\u017e\u00edvat pr\u00e1v\u011b ten \u017eiv\u00fd kolagen. A to p\u0159\u00edmo mo\u0159sk\u00fd kolagen, kter\u00fd je pr\u00fd opravdu nejvhodn\u011bj\u0161\u00ed a tak\u00e9 nejv\u00edce kvalitn\u00ed.Byla jsem opravdu p\u0159ekvapen\u00e1, proto\u017ee jsem o tom, a je\u0161t\u011b v\u016fbec nesly\u0161ela. Pro\u010d mi to t\u0159eba ne\u0159ekla maj\u00ed dermatolo\u017eka? Proto jsem taky chodila na dermatologii kv\u016fli slab\u00fdm neht\u016fm, ale nic moc nezabralo. Poradili mi z webov\u00e9 str\u00e1nky orcacollagen.cz pr\u00e1v\u011b tento \u017eiv\u00fd kolagen, kter\u00fd je pr\u00fd opravdu nejlep\u0161\u00ed. A to bych nebyla j\u00e1, abych to nevyzkou\u0161ela. Samoz\u0159ejm\u011b, \u017ee jakmile mi tento kolagen p\u0159i\u0161el dom\u016f, tak jsem byla \u00fapln\u011b nad\u0161en\u00e1. Opravdu tento kolagen byl jeden z nejlep\u0161\u00edch. Ani jsem netu\u0161ila, \u017ee mi takhle pom\u016f\u017ee. B\u011bhem asi t\u0159\u00ed m\u011bs\u00edc\u016f jsem m\u011bla siln\u011bj\u0161\u00ed a pevn\u011bj\u0161\u00ed nehty a tak\u00e9 se mi p\u0159estaly t\u0159epit nehty a vlasy. Ani nev\u00edte, jak moc m\u011b to pot\u011b\u0161ilo, proto\u017ee kone\u010dn\u011b jsem m\u011bla v\u011bt\u0161\u00ed sebev\u011bdom\u00ed a bylo mi l\u00e9pe ne\u017e p\u0159edt\u00edm.                                                                                                                                                                                                                                                                                                                                                                                          4.2\/5 - (4 votes)        "},{"@context":"https:\/\/schema.org\/","@type":"BreadcrumbList","itemListElement":[{"@type":"ListItem","position":1,"name":"Kolagen na pevnou k\u016f\u017ei","item":"https:\/\/www.visuality.cz\/kolagen-na-pevnou-kuzi\/#breadcrumbitem"}]}]