[{"@context":"https:\/\/schema.org\/","@type":"Article","@id":"https:\/\/www.visuality.cz\/hermanek-oznacovany-jako-pravy-nebo-jako-lekarsky\/#Article","mainEntityOfPage":"https:\/\/www.visuality.cz\/hermanek-oznacovany-jako-pravy-nebo-jako-lekarsky\/","headline":"He\u0159m\u00e1nek ozna\u010dovan\u00fd jako prav\u00fd nebo jako l\u00e9ka\u0159sk\u00fd","name":"He\u0159m\u00e1nek ozna\u010dovan\u00fd jako prav\u00fd nebo jako l\u00e9ka\u0159sk\u00fd","description":"D\u016fle\u017eit\u00e9 je, \u017ee si ho m\u016f\u017eeme sami vyp\u011bstovat na zahr\u00e1dce. Kvete od kv\u011btna do z\u00e1\u0159\u00ed. Vyskytuje se v&nbsp;p\u0159\u00edrod\u011b na \u00fahorech, pust\u00fdch m\u00edstech, na pol\u00edch mezi obil\u00edm, a to v cel\u00e9 Evrop\u011b a Asii. A jak to b\u00fdv\u00e1, byl zavle\u010den i do ostatn\u00edch sv\u011btad\u00edl\u016f. A i tam se hojn\u011b p\u011bstuje k l\u00e9\u010debn\u00fdm a pr\u016fmyslov\u00fdm \u00fa\u010del\u016fm. Sb\u011br...","datePublished":"2019-11-02","dateModified":"2023-06-12","author":{"@type":"Person","@id":"https:\/\/www.visuality.cz\/author\/#Person","name":"","url":"https:\/\/www.visuality.cz\/author\/","identifier":1,"image":{"@type":"ImageObject","@id":"https:\/\/secure.gravatar.com\/avatar\/4e6a74466e4227c12d5306875d08720cdfce3572213740db6f4a2e5e46e710ff?s=96&d=mm&r=g","url":"https:\/\/secure.gravatar.com\/avatar\/4e6a74466e4227c12d5306875d08720cdfce3572213740db6f4a2e5e46e710ff?s=96&d=mm&r=g","height":96,"width":96}},"publisher":{"@type":"Organization","name":"visuality.cz","logo":{"@type":"ImageObject","@id":"\/logo.png","url":"\/logo.png","width":600,"height":60}},"image":{"@type":"ImageObject","@id":"https:\/\/www.visuality.cz\/wp-content\/uploads\/img_a361997_w4407_t1575040050.jpg","url":"https:\/\/www.visuality.cz\/wp-content\/uploads\/img_a361997_w4407_t1575040050.jpg","height":0,"width":0},"url":"https:\/\/www.visuality.cz\/hermanek-oznacovany-jako-pravy-nebo-jako-lekarsky\/","about":["Zahrada a d\u016fm"],"wordCount":464,"articleBody":"D\u016fle\u017eit\u00e9 je, \u017ee si ho m\u016f\u017eeme sami vyp\u011bstovat na zahr\u00e1dce. Kvete od kv\u011btna do z\u00e1\u0159\u00ed. Vyskytuje se v&nbsp;p\u0159\u00edrod\u011b na \u00fahorech, pust\u00fdch m\u00edstech, na pol\u00edch mezi obil\u00edm, a to v cel\u00e9 Evrop\u011b a Asii. A jak to b\u00fdv\u00e1, byl zavle\u010den i do ostatn\u00edch sv\u011btad\u00edl\u016f. A i tam se hojn\u011b p\u011bstuje k l\u00e9\u010debn\u00fdm a pr\u016fmyslov\u00fdm \u00fa\u010del\u016fm.\tSb\u011br a su\u0161en\u00edSb\u00edraj\u00ed se cel\u00e9 nepo\u0161kozen\u00e9 kv\u011bty, mohou b\u00fdt bez stopek nebo i se stopkou d\u00e9lky do 2 cm. Trhaj\u00ed se na po\u010d\u00e1tku rozkv\u011btu a rychle se su\u0161\u00ed ve st\u00ednu. Pro\u010d ve st\u00ednu? Su\u0161en\u00ed na slunci toti\u017e znehodnocuje jakost drogy. P\u011bstovan\u00fd he\u0159m\u00e1nek se skl\u00edz\u00ed speci\u00e1ln\u00edmi h\u0159ebeny.\t\u00da\u010dinkyJeho hojiv\u00e9 a protik\u0159e\u010dov\u00e9 vlastnosti jsou zn\u00e1m\u00e9 od nejstar\u0161\u00edch dob. V&nbsp;cel\u00e9 historii se u\u017e\u00edval snad proti v\u0161em nemocem, a to jak vnit\u0159n\u011b, tak i zevn\u011b. Ale nejen to, pou\u017e\u00edval se i k odbarvov\u00e1n\u00ed vlas\u016f a tak\u00e9 se dodnes vyu\u017e\u00edv\u00e1 jako p\u0159\u00edsada do kosmetick\u00fdch p\u0159\u00edpravk\u016f.\tPou\u017eit\u00ed v l\u00e9\u010ditelstv\u00edHe\u0159m\u00e1nkov\u00fd \u010daj se i v&nbsp;sou\u010dasnosti b\u011b\u017en\u011b pou\u017e\u00edv\u00e1 vnit\u0159n\u011b p\u0159i za\u017e\u00edvac\u00edch pot\u00ed\u017e\u00edch, p\u0159i akutn\u00edch i chronick\u00fdch katarech \u017ealudku a st\u0159ev. Zevn\u011b se vyu\u017eije k obklad\u016fm, v\u00fdplach\u016fm i jako kloktadlo, jako v\u00fdplach je u\u017eite\u010dn\u00fd pro unaven\u00e9 o\u010di. Je zkr\u00e1tka pot\u0159ebn\u00fd v\u0161ude tam, kde m\u016f\u017ee naj\u00edt uplatn\u011bn\u00ed pro sv\u016fj nejen protiz\u00e1n\u011btliv\u00fd, ale tak\u00e9 i uklid\u0148uj\u00edc\u00ed a hojiv\u00fd \u00fa\u010dinek. Vedlej\u0161\u00ed \u00fa\u010dinky p\u0159i pod\u00e1v\u00e1n\u00ed v norm\u00e1ln\u00edch d\u00e1vk\u00e1ch nebylo zji\u0161t\u011bn\u00e9 a m\u016f\u017ee se tedy u\u017e\u00edvat dlouhodob\u011b. Ale pozor, nedoporu\u010duje se v\u0161ak soustavn\u011b pod\u00e1vat odvar mal\u00fdm d\u011btem, proto\u017ee m\u016f\u017ee p\u0159\u00edli\u0161 ztlumit funkci vyv\u00edjej\u00edc\u00edch se za\u017e\u00edvac\u00edch org\u00e1n\u016f. Tato bylinka m\u016f\u017ee pomoci \u017een\u00e1m p\u0159i bolestiv\u00e9 menstruaci a p\u0159i z\u00e1n\u011btech mo\u010dov\u00fdch cest. A pokud ve\u010der vypijete p\u0159ed span\u00edm \u010daj s&nbsp;touto bylinkou a zkombinujete ji s&nbsp;medu\u0148kou, pom\u016f\u017ee v\u00e1m usnout a budete sp\u00e1t klidn\u011b a\u017e do r\u00e1na.\tJe zde mo\u017enost z\u00e1m\u011bny s&nbsp;jinou rostlinou?Ano, mohl by se zam\u011bnit s podobn\u00fdm he\u0159m\u00e1nkem neprav\u00fdm a n\u011bkter\u00fdmi druhy rmen\u016f. Ale ten prav\u00fd he\u0159m\u00e1nek m\u00e1 typicky p\u0159\u00edjemnou v\u016fni a v\u017edy dut\u00e9 l\u016f\u017eko.                                                                                                                                                                                                                                                                                                                                                                                        4\/5 - (6 votes)        "},{"@context":"https:\/\/schema.org\/","@type":"BreadcrumbList","itemListElement":[{"@type":"ListItem","position":1,"name":"He\u0159m\u00e1nek ozna\u010dovan\u00fd jako prav\u00fd nebo jako l\u00e9ka\u0159sk\u00fd","item":"https:\/\/www.visuality.cz\/hermanek-oznacovany-jako-pravy-nebo-jako-lekarsky\/#breadcrumbitem"}]}]