[{"@context":"https:\/\/schema.org\/","@type":"Article","@id":"https:\/\/www.visuality.cz\/cesi-se-eu-boji-ale-meli-by\/#Article","mainEntityOfPage":"https:\/\/www.visuality.cz\/cesi-se-eu-boji-ale-meli-by\/","headline":"\u010ce\u0161i se EU boj\u00ed, ale m\u011bli by?","name":"\u010ce\u0161i se EU boj\u00ed, ale m\u011bli by?","description":"D\u00edky spole\u010denstv\u00ed k n\u00e1m proud\u00ed spousta zahrani\u010dn\u00edch podnik\u016f a zbo\u017e\u00ed, kter\u00e9 by jinak bylo sv\u00e1z\u00e1no clem a omezeno politikou st\u00e1tu. My zase do EU vyn\u00e1\u0161\u00edme p\u0159es 60 % svoj\u00ed v\u00fdroby, a tak se \u0159ad\u00edme mezi siln\u011b exportn\u00ed ekonomiky. Jak se vlastn\u011b projevil vnit\u0159n\u00ed trh na tom na\u0161em \u010desk\u00e9m?&#13; &#13; &#13; Nen\u00ed to v\u0161echno \u010derno-b\u00edl\u00e9 &#13;...","datePublished":"2023-06-12","dateModified":"2023-06-12","author":{"@type":"Person","@id":"https:\/\/www.visuality.cz\/author\/#Person","name":"","url":"https:\/\/www.visuality.cz\/author\/","identifier":1,"image":{"@type":"ImageObject","@id":"https:\/\/secure.gravatar.com\/avatar\/4e6a74466e4227c12d5306875d08720cdfce3572213740db6f4a2e5e46e710ff?s=96&d=mm&r=g","url":"https:\/\/secure.gravatar.com\/avatar\/4e6a74466e4227c12d5306875d08720cdfce3572213740db6f4a2e5e46e710ff?s=96&d=mm&r=g","height":96,"width":96}},"publisher":{"@type":"Organization","name":"visuality.cz","logo":{"@type":"ImageObject","@id":"\/logo.png","url":"\/logo.png","width":600,"height":60}},"image":{"@type":"ImageObject","@id":"https:\/\/www.visuality.cz\/wp-content\/uploads\/img_a311664_w2137_t1522514114.jpg","url":"https:\/\/www.visuality.cz\/wp-content\/uploads\/img_a311664_w2137_t1522514114.jpg","height":0,"width":0},"url":"https:\/\/www.visuality.cz\/cesi-se-eu-boji-ale-meli-by\/","wordCount":427,"articleBody":"D\u00edky spole\u010denstv\u00ed k n\u00e1m proud\u00ed spousta zahrani\u010dn\u00edch podnik\u016f a zbo\u017e\u00ed, kter\u00e9 by jinak bylo sv\u00e1z\u00e1no clem a omezeno politikou st\u00e1tu. My zase do EU vyn\u00e1\u0161\u00edme p\u0159es 60 % svoj\u00ed v\u00fdroby, a tak se \u0159ad\u00edme mezi siln\u011b exportn\u00ed ekonomiky. Jak se vlastn\u011b projevil vnit\u0159n\u00ed trh na tom na\u0161em \u010desk\u00e9m?&#13; &#13; &#13; Nen\u00ed to v\u0161echno \u010derno-b\u00edl\u00e9&#13; Pokud se pod\u00edv\u00e1me na stav \u010desk\u00e9 ekonomiky, m\u016f\u017eeme vid\u011bt, \u017ee na tom nejsme v\u016fbec \u0161patn\u011b. Rosteme, by\u0165 platy rostou je\u0161t\u011b pomaleji, a st\u00e1v\u00e1me se \u010d\u00edm d\u00e1l integrovan\u011bj\u0161\u00ed do evropsk\u00e9ho spole\u010denstv\u00ed, by\u0165 tomu k\u0159iklouni na soci\u00e1ln\u00edch s\u00edt\u00edch nijak nenasv\u011bd\u010duj\u00ed. \u010cech\u016fm se oplatilo p\u0159istoupit, proto\u017ee nejen zem\u011bd\u011blci nyn\u00ed z\u00edsk\u00e1vaj\u00ed pen\u00edze, kter\u00e9 by ze st\u00e1tu t\u011b\u017ece dr\u00e1sali, ale jsou to tak\u00e9 podnikatel\u00e9, kte\u0159\u00ed nyn\u00ed mohou bez omezen\u00ed exportovat do zahrani\u010d\u00ed, ani\u017e by si museli d\u011blat vr\u00e1sky. Spousta lid\u00ed tak\u00e9 vyu\u017e\u00edv\u00e1 vnit\u0159n\u00edho trhu p\u0159i obchodu, proto\u017ee a\u0165 u\u017e jezd\u00ed nakupovat zbo\u017e\u00ed do Polska nebo N\u011bmecka nebo naopak jezd\u00ed prod\u00e1vat zbo\u017e\u00ed do zahrani\u010d\u00ed.&#13; &#13; &#13; Pro\u010d sly\u0161\u00edme negativn\u00ed ohlasy&#13; Pokud je \u010dlov\u011bk z \u010d\u00e1sti dotov\u00e1n, tak je velmi obt\u00ed\u017en\u00e9 udr\u017eet krok se v\u0161emi na\u0159\u00edzen\u00edmi a vyhl\u00e1\u0161kami, se v\u0161emi t\u011bmi pap\u00edry. Kdy\u017e \u010dlov\u011bk nen\u00ed moc \u00fasp\u011b\u0161n\u00fd a drt\u00ed ho zahrani\u010dn\u00ed konkurence, tak zase jde sly\u0161et jeho k\u0159ik na ve\u0159ejn\u00fdch platform\u00e1ch, kde si st\u011b\u017euje na Pol\u00e1ky a zatracenou unii. Je v\u0161ak nutn\u00e9 podotknout, \u017ee dnes u\u017e podnikatel\u00e9 nesoupe\u0159\u00ed jenom uvnit\u0159 st\u00e1tu o z\u00e1kazn\u00edka, ale tak\u00e9 o z\u00e1kazn\u00edka se v\u0161emi dostupn\u00fdmi podniky v Evrop\u011b, a proto je pro n\u011bkter\u00e9 t\u011b\u017ek\u00e9 se udr\u017eet \u2013 jindy by prosperovali, proto\u017ee zkr\u00e1tka chyb\u011bla konkurence, ale dnes hlavn\u011b zem\u011bd\u011blci se mus\u00ed pot\u00fdkat s velmi n\u00edzce nastaven\u00fdmi cenami z Polska, proto\u017ee polsk\u00e9 zem\u011bd\u011blstv\u00ed je mnohem v\u00edce dotovan\u00e9, a nav\u00edc je mnohem v\u011bt\u0161\u00edho rozsahu.&#13;  &#13; Je to \u0161patn\u011b nebo dob\u0159e?&#13; \u010cesk\u00fd n\u00e1rod nelze stav\u011bt na prav\u00e9m \u010desk\u00e9m \u010desneku a brambor\u00e1ch, ani jej nejde stav\u011bt na jednom velk\u00e9m v\u00fdrobci. A proto\u017ee to takhle fungovalo 60 let, nen\u00ed divu, \u017ee po revoluci spousta doplatila na svoji p\u00fdchu, by\u0165 z toho vinn\u00ed EU.&#13;                                                                                                                                                                                                                                                                                                                                                                                        3.9\/5 - (11 votes)        "},{"@context":"https:\/\/schema.org\/","@type":"BreadcrumbList","itemListElement":[{"@type":"ListItem","position":1,"name":"\u010ce\u0161i se EU boj\u00ed, ale m\u011bli by?","item":"https:\/\/www.visuality.cz\/cesi-se-eu-boji-ale-meli-by\/#breadcrumbitem"}]}]